{"id":5760,"date":"2026-08-31T12:56:36","date_gmt":"2026-08-31T09:56:36","guid":{"rendered":"https:\/\/romaniaembassy.orderofmalta.int\/?post_type=news&#038;p=5760"},"modified":"2026-09-01T13:03:39","modified_gmt":"2026-09-01T10:03:39","slug":"sfanta-liturghie-pentru-odihna-sufletului-fericitului-papa-ioan-paul-i","status":"publish","type":"news","link":"https:\/\/romaniaembassy.orderofmalta.int\/ro\/stiri\/sfanta-liturghie-pentru-odihna-sufletului-fericitului-papa-ioan-paul-i\/","title":{"rendered":"Sf\u00e2nta Liturghie pentru odihna sufletului Fericitului Pap\u0103 Ioan Paul I"},"featured_media":0,"menu_order":0,"template":"","class_list":["post-5760","news","type-news","status-publish","hentry"],"acf":{"evidence":"yes","breaking":"yes","focus_on":"no","news_cover":{"id":5758,"url":"https:\/\/romaniaembassy.orderofmalta.int\/wp-content\/uploads\/sites\/13\/2026\/09\/WhatsApp-Image-2026-08-31-at-14.03.15.jpeg"},"news_content":"<blockquote>\n<div dir=\"ltr\">\n<div data-olk-copy-source=\"MessageBody\">\n<p dir=\"ltr\">Duminic\u0103, 30 august 2026, la Biserica Santo Redentore (Biserica Italian\u0103 \u201ePreasf\u00e2ntul M\u00e2ntuitor&#8221;) din Bucure\u0219ti, Excelen\u021ba Sa Monseniorul Giampiero Gloder, Nun\u021biul Apostolic \u00een Rom\u00e2nia, a organizat o Sf\u00e2nt\u0103 Liturghie pentru odihna sufletului Fericitului Pap\u0103 Ioan Paul I \u0219i pentru a se ruga pentru canonizarea sa.<\/p>\n<p dir=\"ltr\">Fericitul Pap\u0103 Ioan Paul I a fost beatificat de Papa Francisc \u00een septembrie 2022. De\u0219i pontificatul s\u0103u a durat doar pu\u021bin timp, \u00een total 33 de zile, \u00eenv\u0103\u021b\u0103turile sale au l\u0103sat o mo\u0219tenire spiritual\u0103 profund\u0103. \u00cen mesajele sale apostolice, a abordat cu claritate, inspira\u021bie \u0219i rigoare teologic\u0103 virtu\u021bile credin\u021bei, iubirii \u0219i speran\u021bei.<\/p>\n<p dir=\"ltr\">Sf\u00e2nta Liturghie a fost concelebrat\u0103 de Arhiepiscopul Mitropolit de Bucure\u0219ti, Excelen\u021ba Sa Aurel Perc\u0103, \u0219i de Arhiepiscopul Emerit, Excelen\u021ba Sa Ioan Robu. Celebrarea a oferit, de asemenea, ocazia de a eviden\u021bia activitatea Asocia\u021biei Papa Giovanni Paolo I, care continu\u0103 s\u0103 sus\u021bin\u0103 cauza canoniz\u0103rii fostului Pap\u0103, al\u0103turi de membri ai familiei sale, prezen\u021bi la Sf\u00e2nta Liturghie.<\/p>\n<p dir=\"ltr\">Ambasadorul Ordinului Suveran de Malta \u00een Rom\u00e2nia, Excelen\u021ba Sa Roberto Musneci KM, a participat la Liturghie al\u0103turi de Ambasadorul Italiei \u00een Rom\u00e2nia, Excelen\u021ba Sa Laura Aghilarre. La finalul celebr\u0103rii, Ambasadorul Musneci a declarat: \u201eA fost o experien\u021b\u0103 emo\u021bionant\u0103 s\u0103 aud, prin omilia Nun\u021biului Apostolic, cum scurtul pontificat al Fericitului Pap\u0103 Luciani din 1978 a contribuit, prin umilin\u021b\u0103 \u0219i apropiere fa\u021b\u0103 de oameni, la modelarea vie\u021bii Bisericii \u00een ultimii aproape cincizeci de ani.&#8221;<\/p>\n<\/div>\n<\/div>\n<\/blockquote>\n","news_gallery":"yes","news_gallery_elements":[{"id":5756,"url":"https:\/\/romaniaembassy.orderofmalta.int\/wp-content\/uploads\/sites\/13\/2026\/09\/WhatsApp-Image-2026-08-31-at-14.03.15-1.jpeg"}],"news_excerpt":"Duminic\u0103, 30 august 2026, la Biserica Santo Redentore (Biserica Italian\u0103 \u201ePreasf\u00e2ntul M\u00e2ntuitor\") din Bucure\u0219ti, Excelen\u021ba Sa Monseniorul Giampiero Gloder, Nun\u021biul Apostolic \u00een Rom\u00e2nia, a organizat o Sf\u00e2nt\u0103 Liturghie pentru odihna sufletului Fericitului Pap\u0103 Ioan Paul I \u0219i pentru a se ruga pentru canonizarea sa.","hidden_news":"no","cover_image_copyrighted":false},"news_categories":[],"_links":{"self":[{"href":"https:\/\/romaniaembassy.orderofmalta.int\/ro\/wp-json\/wp\/v2\/notizie\/5760","targetHints":{"allow":["GET"]}}],"collection":[{"href":"https:\/\/romaniaembassy.orderofmalta.int\/ro\/wp-json\/wp\/v2\/notizie"}],"about":[{"href":"https:\/\/romaniaembassy.orderofmalta.int\/ro\/wp-json\/wp\/v2\/types\/news"}],"version-history":[{"count":1,"href":"https:\/\/romaniaembassy.orderofmalta.int\/ro\/wp-json\/wp\/v2\/notizie\/5760\/revisions"}],"predecessor-version":[{"id":5761,"href":"https:\/\/romaniaembassy.orderofmalta.int\/ro\/wp-json\/wp\/v2\/notizie\/5760\/revisions\/5761"}],"wp:attachment":[{"href":"https:\/\/romaniaembassy.orderofmalta.int\/ro\/wp-json\/wp\/v2\/media?parent=5760"}],"curies":[{"name":"wp","href":"https:\/\/api.w.org\/{rel}","templated":true}]}}