{"id":5774,"date":"2026-09-03T11:11:54","date_gmt":"2026-09-03T08:11:54","guid":{"rendered":"https:\/\/romaniaembassy.orderofmalta.int\/?post_type=news&#038;p=5774"},"modified":"2026-09-03T11:16:47","modified_gmt":"2026-09-03T08:16:47","slug":"intalnirea-anuala-a-corpului-diplomatic-si-consular-din-romania","status":"publish","type":"news","link":"https:\/\/romaniaembassy.orderofmalta.int\/ro\/stiri\/intalnirea-anuala-a-corpului-diplomatic-si-consular-din-romania\/","title":{"rendered":"\u00cent\u00e2lnirea Anual\u0103 a Corpului Diplomatic \u0219i Consular din Rom\u00e2nia"},"featured_media":0,"menu_order":0,"template":"","class_list":["post-5774","news","type-news","status-publish","hentry"],"acf":{"evidence":"no","breaking":"no","focus_on":"no","news_cover":{"id":5772,"url":"https:\/\/romaniaembassy.orderofmalta.int\/wp-content\/uploads\/sites\/13\/2026\/09\/WhatsApp-Image-2026-09-01-at-13.43.19.jpeg"},"news_content":"<blockquote>\n<div dir=\"ltr\">\n<div dir=\"auto\">\n<p dir=\"ltr\">Ambasada Ordinului Suveran de Malta din Rom\u00e2nia a participat la \u00eent\u00e2lnirea anual\u0103 a Corpului Diplomatic \u0219i Consular din Rom\u00e2nia, desf\u0103\u0219urat\u0103 la Bucure\u0219ti sub conducerea ministrului afacerilor externe, Excelen\u021ba Sa Oana Toiu. \u0218efii misiunilor diplomatice str\u0103ine acredita\u021bi \u00een Rom\u00e2nia au fost, de asemenea, invita\u021bi s\u0103 participe la sesiunea plenar\u0103 \u0219i la evenimentele oficiale conexe.<\/p>\n<p dir=\"ltr\">Edi\u021bia din acest an a avut loc la Opera Na\u021bional\u0103. Lucr\u0103rile au fost deschise de pre\u0219edintele Senatului, Excelen\u021ba Sa Mircea Abrudan, care a subliniat rolul diploma\u021biei rom\u00e2ne\u0219ti \u00een promovarea stabilit\u0103\u021bii regionale, consolidarea parteneriatelor strategice, sprijinirea Ucrainei \u0219i a Republicii Moldova, avansarea diploma\u021biei economice \u0219i continuarea procesului de aderare a Rom\u00e2niei la OCDE.<\/p>\n<p dir=\"ltr\">Ministrul afacerilor externe, doamna Toiu, a prezentat apoi priorit\u0103\u021bile diplomatice ale Rom\u00e2niei \u00een contextul geopolitic complex actual, pun\u00e2nd accent pe diploma\u021bia economic\u0103, sprijinul continuu acordat Ucrainei, integrarea european\u0103 a Republicii Moldova, evolu\u021bia mediului de securitate \u00een cadrul NATO \u0219i importan\u021ba comunit\u0103\u021bilor rom\u00e2ne\u0219ti din str\u0103in\u0103tate.<\/p>\n<p dir=\"ltr\">Sesiunea plenar\u0103 a fost urmat\u0103 de un concert sus\u021binut de Orchestra Operei Na\u021bionale \u0219i de o cin\u0103, care a oferit ocazia unui dialog \u00eentre autorit\u0103\u021bile rom\u00e2ne, membrii corpului diplomatic \u0219i ceilal\u021bi invita\u021bi.<\/p>\n<p dir=\"ltr\">La finalul serii, ambasadorul Roberto Musneci KM a declarat: \u201eAceast\u0103 \u00eent\u00e2lnire anual\u0103 reprezint\u0103 o ocazie important\u0103 de a \u00een\u021belege mai bine priorit\u0103\u021bile Rom\u00e2niei \u00eentr-un context regional \u0219i global dificil. De asemenea, ofer\u0103 o oportunitate valoroas\u0103 de dialog cu autorit\u0103\u021bile rom\u00e2ne \u0219i colegii din corpul diplomatic, reafirm\u00e2nd spiritul de cooperare care ne ghideaz\u0103 prezen\u021ba \u0219i activitatea \u00een Rom\u00e2nia.\u201d<\/p>\n<\/div>\n<\/div>\n<\/blockquote>\n","news_gallery":"yes","news_gallery_elements":[{"id":5770,"url":"https:\/\/romaniaembassy.orderofmalta.int\/wp-content\/uploads\/sites\/13\/2026\/09\/WhatsApp-Image-2026-09-01-at-13.43.19-1.jpeg"},{"id":5768,"url":"https:\/\/romaniaembassy.orderofmalta.int\/wp-content\/uploads\/sites\/13\/2026\/09\/WhatsApp-Image-2026-09-01-at-13.43.19-2.jpeg"},{"id":5766,"url":"https:\/\/romaniaembassy.orderofmalta.int\/wp-content\/uploads\/sites\/13\/2026\/09\/WhatsApp-Image-2026-09-01-at-13.43.19-3.jpeg"}],"news_excerpt":"Ambasada Ordinului Suveran de Malta din Rom\u00e2nia a participat la \u00eent\u00e2lnirea anual\u0103 a Corpului Diplomatic \u0219i Consular din Rom\u00e2nia, desf\u0103\u0219urat\u0103 la Bucure\u0219ti sub conducerea ministrului afacerilor externe, Excelen\u021ba Sa Oana Toiu. \u0218efii misiunilor diplomatice str\u0103ine acredita\u021bi \u00een Rom\u00e2nia au fost, de asemenea, invita\u021bi s\u0103 participe la sesiunea plenar\u0103 \u0219i la evenimentele oficiale conexe.","hidden_news":"no","cover_image_copyrighted":false},"news_categories":[],"_links":{"self":[{"href":"https:\/\/romaniaembassy.orderofmalta.int\/ro\/wp-json\/wp\/v2\/notizie\/5774","targetHints":{"allow":["GET"]}}],"collection":[{"href":"https:\/\/romaniaembassy.orderofmalta.int\/ro\/wp-json\/wp\/v2\/notizie"}],"about":[{"href":"https:\/\/romaniaembassy.orderofmalta.int\/ro\/wp-json\/wp\/v2\/types\/news"}],"version-history":[{"count":1,"href":"https:\/\/romaniaembassy.orderofmalta.int\/ro\/wp-json\/wp\/v2\/notizie\/5774\/revisions"}],"predecessor-version":[{"id":5775,"href":"https:\/\/romaniaembassy.orderofmalta.int\/ro\/wp-json\/wp\/v2\/notizie\/5774\/revisions\/5775"}],"wp:attachment":[{"href":"https:\/\/romaniaembassy.orderofmalta.int\/ro\/wp-json\/wp\/v2\/media?parent=5774"}],"curies":[{"name":"wp","href":"https:\/\/api.w.org\/{rel}","templated":true}]}}